{"id":4573,"date":"2017-03-30T11:09:05","date_gmt":"2017-03-30T08:09:05","guid":{"rendered":"http:\/\/www.fo-der.org\/?p=4573"},"modified":"2018-11-26T13:26:36","modified_gmt":"2018-11-26T10:26:36","slug":"yeditepe-university-global-money-week-event-was-held","status":"publish","type":"post","link":"https:\/\/www.fo-der.org\/en\/yeditepe-university-global-money-week-event-was-held\/","title":{"rendered":"Yeditepe University &#8220;Global Money Week&#8221; event was held"},"content":{"rendered":"<p>Global Money Week event was held in Yeditepe University \u0130nan K\u0131ra\u00e7 Conference Hall on 29 March Wednesday with the collaboration between Yeditepe University and Foder.<\/p>\n<p>At the event, FODER Vice Chair Attila K\u00f6ksal provided financial literacy training. Then, S &amp; P Global Country Manager Timu\u00e7in Engin made the presentation on rating applications.<\/p>\n<p>During the event, FODER Corporate Members TEB, BNP Paribas Cardif, Money Status, S &amp; P Global and KKB exhibited their works on financial literacy at their stands and Arzum Electrical Home Appliances offered free coffee to students.<\/p>\n<p><img loading=\"lazy\" class=\"aligncenter wp-image-4583\" src=\"http:\/\/www.fo-der.org\/wp-content\/uploads\/2017\/03\/IMG_8307-1.jpg\" alt=\"IMG_8307\" width=\"383\" height=\"287\" \/><br \/>\n<img loading=\"lazy\" class=\"aligncenter wp-image-4577\" src=\"http:\/\/www.fo-der.org\/wp-content\/uploads\/2017\/03\/IMG_8325.jpg\" alt=\"IMG_8325\" width=\"387\" height=\"290\" \/><br \/>\nEtkinlik boyunca FODER Kurumsal \u00dcyeleri TEB, BNP Paribas Cardif, Para Durumu, S&amp;P Global ve KKB stantlarda finansal okuryazarl\u0131k ile ilgili \u00e7al\u0131\u015fmalar\u0131n\u0131 sergilerken, Arzum Elektrikli Ev Aletleri \u00f6\u011frencilere kahve ikram etti.<\/p>\n","protected":false},"excerpt":{"rendered":"<p>Global Money Week event was held in Yeditepe University \u0130nan K\u0131ra\u00e7 Conference Hall on 29 March Wednesday with the collaboration between Yeditepe University and Foder. At<span class=\"excerpt-hellip\"> [\u2026]<\/span><\/p>\n","protected":false},"author":2,"featured_media":5619,"comment_status":"open","ping_status":"open","sticky":false,"template":"","format":"standard","meta":[],"categories":[473,59,2],"tags":[126,63,147,66],"yoast_head":"<!-- This site is optimized with the Yoast SEO plugin v15.2.1 - https:\/\/yoast.com\/wordpress\/plugins\/seo\/ -->\n<title>Yeditepe University &quot;Global Money Week&quot; event was held - FODER<\/title>\n<meta name=\"robots\" content=\"index, follow, max-snippet:-1, max-image-preview:large, max-video-preview:-1\" \/>\n<link rel=\"canonical\" href=\"https:\/\/www.fo-der.org\/en\/yeditepe-university-global-money-week-event-was-held\/\" \/>\n<meta property=\"og:locale\" content=\"en_US\" \/>\n<meta property=\"og:type\" content=\"article\" \/>\n<meta property=\"og:title\" content=\"Yeditepe University &quot;Global Money Week&quot; event was held - FODER\" \/>\n<meta property=\"og:description\" content=\"Global Money Week event was held in Yeditepe University \u0130nan K\u0131ra\u00e7 Conference Hall on 29 March Wednesday with the collaboration between Yeditepe University and Foder. At [\u2026]\" \/>\n<meta property=\"og:url\" content=\"https:\/\/www.fo-der.org\/en\/yeditepe-university-global-money-week-event-was-held\/\" \/>\n<meta property=\"og:site_name\" content=\"FODER\" \/>\n<meta property=\"article:published_time\" content=\"2017-03-30T08:09:05+00:00\" \/>\n<meta property=\"article:modified_time\" content=\"2018-11-26T10:26:36+00:00\" \/>\n<meta property=\"og:image\" content=\"https:\/\/www.fo-der.org\/en\/wp-content\/uploads\/2017\/03\/Yeditepe-\u00dcniversitesi-K\u00fcresel-Para-Haftas\u0131.jpg\" \/>\n\t<meta property=\"og:image:width\" content=\"1800\" \/>\n\t<meta property=\"og:image:height\" content=\"1200\" \/>\n<meta name=\"twitter:card\" content=\"summary_large_image\" \/>\n<meta name=\"twitter:label1\" content=\"Written by\">\n\t<meta name=\"twitter:data1\" content=\"Fo-der\">\n\t<meta name=\"twitter:label2\" content=\"Est. reading time\">\n\t<meta name=\"twitter:data2\" content=\"1 minute\">\n<script type=\"application\/ld+json\" class=\"yoast-schema-graph\">{\"@context\":\"https:\/\/schema.org\",\"@graph\":[{\"@type\":\"WebSite\",\"@id\":\"https:\/\/www.fo-der.org\/en\/#website\",\"url\":\"https:\/\/www.fo-der.org\/en\/\",\"name\":\"FODER\",\"description\":\"Financial Literacy &amp; Inclusion Association\",\"potentialAction\":[{\"@type\":\"SearchAction\",\"target\":\"https:\/\/www.fo-der.org\/en\/?s={search_term_string}\",\"query-input\":\"required name=search_term_string\"}],\"inLanguage\":\"en-US\"},{\"@type\":\"ImageObject\",\"@id\":\"https:\/\/www.fo-der.org\/en\/yeditepe-university-global-money-week-event-was-held\/#primaryimage\",\"inLanguage\":\"en-US\",\"url\":\"https:\/\/www.fo-der.org\/en\/wp-content\/uploads\/2017\/03\/Yeditepe-\\u00dcniversitesi-K\\u00fcresel-Para-Haftas\\u0131.jpg\",\"width\":1800,\"height\":1200},{\"@type\":\"WebPage\",\"@id\":\"https:\/\/www.fo-der.org\/en\/yeditepe-university-global-money-week-event-was-held\/#webpage\",\"url\":\"https:\/\/www.fo-der.org\/en\/yeditepe-university-global-money-week-event-was-held\/\",\"name\":\"Yeditepe University \\\"Global Money Week\\\" event was held - FODER\",\"isPartOf\":{\"@id\":\"https:\/\/www.fo-der.org\/en\/#website\"},\"primaryImageOfPage\":{\"@id\":\"https:\/\/www.fo-der.org\/en\/yeditepe-university-global-money-week-event-was-held\/#primaryimage\"},\"datePublished\":\"2017-03-30T08:09:05+00:00\",\"dateModified\":\"2018-11-26T10:26:36+00:00\",\"author\":{\"@id\":\"https:\/\/www.fo-der.org\/en\/#\/schema\/person\/36c071f253b551b41a20bf5cd4992506\"},\"inLanguage\":\"en-US\",\"potentialAction\":[{\"@type\":\"ReadAction\",\"target\":[\"https:\/\/www.fo-der.org\/en\/yeditepe-university-global-money-week-event-was-held\/\"]}]},{\"@type\":\"Person\",\"@id\":\"https:\/\/www.fo-der.org\/en\/#\/schema\/person\/36c071f253b551b41a20bf5cd4992506\",\"name\":\"Fo-der\"}]}<\/script>\n<!-- \/ Yoast SEO plugin. -->","_links":{"self":[{"href":"https:\/\/www.fo-der.org\/en\/wp-json\/wp\/v2\/posts\/4573"}],"collection":[{"href":"https:\/\/www.fo-der.org\/en\/wp-json\/wp\/v2\/posts"}],"about":[{"href":"https:\/\/www.fo-der.org\/en\/wp-json\/wp\/v2\/types\/post"}],"author":[{"embeddable":true,"href":"https:\/\/www.fo-der.org\/en\/wp-json\/wp\/v2\/users\/2"}],"replies":[{"embeddable":true,"href":"https:\/\/www.fo-der.org\/en\/wp-json\/wp\/v2\/comments?post=4573"}],"version-history":[{"count":3,"href":"https:\/\/www.fo-der.org\/en\/wp-json\/wp\/v2\/posts\/4573\/revisions"}],"predecessor-version":[{"id":7106,"href":"https:\/\/www.fo-der.org\/en\/wp-json\/wp\/v2\/posts\/4573\/revisions\/7106"}],"wp:featuredmedia":[{"embeddable":true,"href":"https:\/\/www.fo-der.org\/en\/wp-json\/wp\/v2\/media\/5619"}],"wp:attachment":[{"href":"https:\/\/www.fo-der.org\/en\/wp-json\/wp\/v2\/media?parent=4573"}],"wp:term":[{"taxonomy":"category","embeddable":true,"href":"https:\/\/www.fo-der.org\/en\/wp-json\/wp\/v2\/categories?post=4573"},{"taxonomy":"post_tag","embeddable":true,"href":"https:\/\/www.fo-der.org\/en\/wp-json\/wp\/v2\/tags?post=4573"}],"curies":[{"name":"wp","href":"https:\/\/api.w.org\/{rel}","templated":true}]}}