{"id":4569,"date":"2017-03-28T15:41:55","date_gmt":"2017-03-28T12:41:55","guid":{"rendered":"http:\/\/www.fo-der.org\/?p=4569"},"modified":"2018-11-26T13:26:09","modified_gmt":"2018-11-26T10:26:09","slug":"global-money-week-started-with-borsa-istanbul-gong-ceremony","status":"publish","type":"post","link":"https:\/\/www.fo-der.org\/en\/global-money-week-started-with-borsa-istanbul-gong-ceremony\/","title":{"rendered":"Global Money Week started with Borsa Istanbul Gong Ceremony"},"content":{"rendered":"<p>The Turkish Part of Global Money Week, which is celebrated around the world, is being implemented under the leadership of FODER. The events will be organized under the theme of &#8220;Learn.Save.Earn&#8221; during the Global Money Week, which started with the opening gong in Borsa \u0130stanbul.<\/p>\n<p>Global Money Week was launched last year in 41 countries by striking the opening gongs of stock markets. This year, Borsa \u0130stanbul expressed its symbolic support for young people, their dreams and their financial future with striking the gong in that regard. The opening gong of Borsa \u0130stanbul on 27 March Monday; <strong>was stricken by Borsa \u0130stanbul Management and Chief Executive Officer Himmet KARADA\u011e, SPK Vice President Emre \u00d6nyurt and FODER Chair \u00d6zlem Denizmen<\/strong> and Dar\u00fc\u015f\u015fafaka students, who received financial literacy training for Global Money Week.<\/p>\n<p><strong>Theme of the year is \u201cLearn.Save.Earn&#8221;. <\/strong><\/p>\n<p>This year&#8217;s theme of Global Money Week, which is supported by OECD, was identified as &#8220;Learn.Save.Earn&#8221;. Within the scope of this theme, it has been aimed to ensure the children and young people to have smart habits on the field of costs and to learn to act carefully in that regard starting from an early age. It is aimed to develop the money management capability while raising awareness about the financial problems that may be encountered in the later years of life.<\/p>\n<p><strong>During the week, there will be activities under the theme of &#8220;Learn.Save.Earn&#8221;<\/strong><br \/>\nIn Global Money Week, the activities will be organized by civil society initiatives and public and private sector institution under the roof of FODER. There will be activities that will involve corporate and individual members simultaneously while carrying out projects that will raise awareness on saving.<\/p>\n<p>Financial literacy trainings will be provided by FODER throughout the country during Global Money Week.<\/p>\n<p>&nbsp;<\/p>\n<h3 style=\"text-align: center;\">ETK\u0130NL\u0130KTEN KARELER<\/h3>\n\n\t\t\t<style type='text\/css'>\n\t\t\t\t#sc_gallery-1 {\n\t\t\t\t\tmargin: auto;\n\t\t\t\t}\n\t\t\t\t#sc_gallery-1 .gallery-item {\n\t\t\t\t\tfloat: left;\n\t\t\t\t\tmargin-top: 10px;\n\t\t\t\t\ttext-align: center;\n\t\t\t\t\twidth: 49.99%;\n\t\t\t\t}\n\t\t\t\t#sc_gallery-1 img {\n\t\t\t\t\tborder: 2px solid #cfcfcf;\n\t\t\t\t}\n\t\t\t\t#sc_gallery-1 .gallery-caption {\n\t\t\t\t\tmargin-left: 0;\n\t\t\t\t}\n\t\t\t\t\/* see sc_gallery() in functions\/theme-shortcodes.php *\/\n\t\t\t<\/style>\n\t\t<div id='sc_gallery-1' class='gallery galleryid-4569 gallery-columns-2 gallery-size-large file'><dl class='gallery-item'>\n\t\t\t\t<dt class='gallery-icon landscape'>\n\t\t\t\t\t<a href='https:\/\/www.fo-der.org\/en\/wp-content\/uploads\/2017\/03\/HJ9A7108.jpg'><img width=\"1024\" height=\"683\" src=\"https:\/\/www.fo-der.org\/en\/wp-content\/uploads\/2017\/03\/HJ9A7108-1024x683.jpg\" class=\"attachment-large size-large\" alt=\"\" loading=\"lazy\" srcset=\"https:\/\/www.fo-der.org\/en\/wp-content\/uploads\/2017\/03\/HJ9A7108-1024x683.jpg 1024w, https:\/\/www.fo-der.org\/en\/wp-content\/uploads\/2017\/03\/HJ9A7108-300x200.jpg 300w, https:\/\/www.fo-der.org\/en\/wp-content\/uploads\/2017\/03\/HJ9A7108-768x512.jpg 768w, https:\/\/www.fo-der.org\/en\/wp-content\/uploads\/2017\/03\/HJ9A7108-219x146.jpg 219w, https:\/\/www.fo-der.org\/en\/wp-content\/uploads\/2017\/03\/HJ9A7108-50x33.jpg 50w, https:\/\/www.fo-der.org\/en\/wp-content\/uploads\/2017\/03\/HJ9A7108-113x75.jpg 113w, https:\/\/www.fo-der.org\/en\/wp-content\/uploads\/2017\/03\/HJ9A7108.jpg 1800w\" sizes=\"(max-width: 1024px) 100vw, 1024px\" \/><\/a>\n\t\t\t\t<\/dt><\/dl><dl class='gallery-item'>\n\t\t\t\t<dt class='gallery-icon landscape'>\n\t\t\t\t\t<a href='https:\/\/www.fo-der.org\/en\/wp-content\/uploads\/2017\/03\/K\u00fcresel-Para-Haftas\u0131-Borsa-\u0130stanbul-Gong-T\u00f6reni-ile-ba\u015flad\u0131-2.jpg'><img width=\"1024\" height=\"683\" src=\"https:\/\/www.fo-der.org\/en\/wp-content\/uploads\/2017\/03\/K\u00fcresel-Para-Haftas\u0131-Borsa-\u0130stanbul-Gong-T\u00f6reni-ile-ba\u015flad\u0131-2-1024x683.jpg\" class=\"attachment-large size-large\" alt=\"\" loading=\"lazy\" srcset=\"https:\/\/www.fo-der.org\/en\/wp-content\/uploads\/2017\/03\/K\u00fcresel-Para-Haftas\u0131-Borsa-\u0130stanbul-Gong-T\u00f6reni-ile-ba\u015flad\u0131-2-1024x683.jpg 1024w, https:\/\/www.fo-der.org\/en\/wp-content\/uploads\/2017\/03\/K\u00fcresel-Para-Haftas\u0131-Borsa-\u0130stanbul-Gong-T\u00f6reni-ile-ba\u015flad\u0131-2-300x200.jpg 300w, https:\/\/www.fo-der.org\/en\/wp-content\/uploads\/2017\/03\/K\u00fcresel-Para-Haftas\u0131-Borsa-\u0130stanbul-Gong-T\u00f6reni-ile-ba\u015flad\u0131-2-768x512.jpg 768w, https:\/\/www.fo-der.org\/en\/wp-content\/uploads\/2017\/03\/K\u00fcresel-Para-Haftas\u0131-Borsa-\u0130stanbul-Gong-T\u00f6reni-ile-ba\u015flad\u0131-2-219x146.jpg 219w, https:\/\/www.fo-der.org\/en\/wp-content\/uploads\/2017\/03\/K\u00fcresel-Para-Haftas\u0131-Borsa-\u0130stanbul-Gong-T\u00f6reni-ile-ba\u015flad\u0131-2-50x33.jpg 50w, https:\/\/www.fo-der.org\/en\/wp-content\/uploads\/2017\/03\/K\u00fcresel-Para-Haftas\u0131-Borsa-\u0130stanbul-Gong-T\u00f6reni-ile-ba\u015flad\u0131-2-113x75.jpg 113w, https:\/\/www.fo-der.org\/en\/wp-content\/uploads\/2017\/03\/K\u00fcresel-Para-Haftas\u0131-Borsa-\u0130stanbul-Gong-T\u00f6reni-ile-ba\u015flad\u0131-2.jpg 1800w\" sizes=\"(max-width: 1024px) 100vw, 1024px\" \/><\/a>\n\t\t\t\t<\/dt><\/dl><br style=\"clear: both\" \/><dl class='gallery-item'>\n\t\t\t\t<dt class='gallery-icon landscape'>\n\t\t\t\t\t<a href='https:\/\/www.fo-der.org\/en\/wp-content\/uploads\/2017\/03\/HJ9A7039.jpg'><img width=\"1024\" height=\"683\" src=\"https:\/\/www.fo-der.org\/en\/wp-content\/uploads\/2017\/03\/HJ9A7039-1024x683.jpg\" class=\"attachment-large size-large\" alt=\"\" loading=\"lazy\" srcset=\"https:\/\/www.fo-der.org\/en\/wp-content\/uploads\/2017\/03\/HJ9A7039-1024x683.jpg 1024w, https:\/\/www.fo-der.org\/en\/wp-content\/uploads\/2017\/03\/HJ9A7039-300x200.jpg 300w, https:\/\/www.fo-der.org\/en\/wp-content\/uploads\/2017\/03\/HJ9A7039-768x512.jpg 768w, https:\/\/www.fo-der.org\/en\/wp-content\/uploads\/2017\/03\/HJ9A7039-219x146.jpg 219w, https:\/\/www.fo-der.org\/en\/wp-content\/uploads\/2017\/03\/HJ9A7039-50x33.jpg 50w, https:\/\/www.fo-der.org\/en\/wp-content\/uploads\/2017\/03\/HJ9A7039-113x75.jpg 113w, https:\/\/www.fo-der.org\/en\/wp-content\/uploads\/2017\/03\/HJ9A7039.jpg 1800w\" sizes=\"(max-width: 1024px) 100vw, 1024px\" \/><\/a>\n\t\t\t\t<\/dt><\/dl><dl class='gallery-item'>\n\t\t\t\t<dt class='gallery-icon landscape'>\n\t\t\t\t\t<a href='https:\/\/www.fo-der.org\/en\/wp-content\/uploads\/2017\/03\/K\u00fcresel-Para-Haftas\u0131-Borsa-\u0130stanbul-Gong-T\u00f6reni-ile-ba\u015flad\u0131.jpg'><img width=\"1024\" height=\"683\" src=\"https:\/\/www.fo-der.org\/en\/wp-content\/uploads\/2017\/03\/K\u00fcresel-Para-Haftas\u0131-Borsa-\u0130stanbul-Gong-T\u00f6reni-ile-ba\u015flad\u0131-1024x683.jpg\" class=\"attachment-large size-large\" alt=\"\" loading=\"lazy\" srcset=\"https:\/\/www.fo-der.org\/en\/wp-content\/uploads\/2017\/03\/K\u00fcresel-Para-Haftas\u0131-Borsa-\u0130stanbul-Gong-T\u00f6reni-ile-ba\u015flad\u0131-1024x683.jpg 1024w, https:\/\/www.fo-der.org\/en\/wp-content\/uploads\/2017\/03\/K\u00fcresel-Para-Haftas\u0131-Borsa-\u0130stanbul-Gong-T\u00f6reni-ile-ba\u015flad\u0131-300x200.jpg 300w, https:\/\/www.fo-der.org\/en\/wp-content\/uploads\/2017\/03\/K\u00fcresel-Para-Haftas\u0131-Borsa-\u0130stanbul-Gong-T\u00f6reni-ile-ba\u015flad\u0131-768x512.jpg 768w, https:\/\/www.fo-der.org\/en\/wp-content\/uploads\/2017\/03\/K\u00fcresel-Para-Haftas\u0131-Borsa-\u0130stanbul-Gong-T\u00f6reni-ile-ba\u015flad\u0131-219x146.jpg 219w, https:\/\/www.fo-der.org\/en\/wp-content\/uploads\/2017\/03\/K\u00fcresel-Para-Haftas\u0131-Borsa-\u0130stanbul-Gong-T\u00f6reni-ile-ba\u015flad\u0131-50x33.jpg 50w, https:\/\/www.fo-der.org\/en\/wp-content\/uploads\/2017\/03\/K\u00fcresel-Para-Haftas\u0131-Borsa-\u0130stanbul-Gong-T\u00f6reni-ile-ba\u015flad\u0131-113x75.jpg 113w, https:\/\/www.fo-der.org\/en\/wp-content\/uploads\/2017\/03\/K\u00fcresel-Para-Haftas\u0131-Borsa-\u0130stanbul-Gong-T\u00f6reni-ile-ba\u015flad\u0131.jpg 1800w\" sizes=\"(max-width: 1024px) 100vw, 1024px\" \/><\/a>\n\t\t\t\t<\/dt><\/dl><br style=\"clear: both\" \/>\n\t\t\t<\/div>\n\n","protected":false},"excerpt":{"rendered":"<p>The Turkish Part of Global Money Week, which is celebrated around the world, is being implemented under the leadership of FODER. The events will be organized<span class=\"excerpt-hellip\"> [\u2026]<\/span><\/p>\n","protected":false},"author":2,"featured_media":5615,"comment_status":"open","ping_status":"open","sticky":false,"template":"","format":"standard","meta":[],"categories":[473,2,13],"tags":[462,34,352,124,126,63],"yoast_head":"<!-- This site is optimized with the Yoast SEO plugin v15.2.1 - https:\/\/yoast.com\/wordpress\/plugins\/seo\/ -->\n<title>Global Money Week started with Borsa Istanbul Gong Ceremony - FODER<\/title>\n<meta name=\"robots\" content=\"index, follow, max-snippet:-1, max-image-preview:large, max-video-preview:-1\" \/>\n<link rel=\"canonical\" href=\"https:\/\/www.fo-der.org\/en\/global-money-week-started-with-borsa-istanbul-gong-ceremony\/\" \/>\n<meta property=\"og:locale\" content=\"en_US\" \/>\n<meta property=\"og:type\" content=\"article\" \/>\n<meta property=\"og:title\" content=\"Global Money Week started with Borsa Istanbul Gong Ceremony - FODER\" \/>\n<meta property=\"og:description\" content=\"The Turkish Part of Global Money Week, which is celebrated around the world, is being implemented under the leadership of FODER. The events will be organized [\u2026]\" \/>\n<meta property=\"og:url\" content=\"https:\/\/www.fo-der.org\/en\/global-money-week-started-with-borsa-istanbul-gong-ceremony\/\" \/>\n<meta property=\"og:site_name\" content=\"FODER\" \/>\n<meta property=\"article:published_time\" content=\"2017-03-28T12:41:55+00:00\" \/>\n<meta property=\"article:modified_time\" content=\"2018-11-26T10:26:09+00:00\" \/>\n<meta property=\"og:image\" content=\"https:\/\/www.fo-der.org\/en\/wp-content\/uploads\/2017\/03\/K\u00fcresel-Para-Haftas\u0131-Borsa-\u0130stanbul-Gong-T\u00f6reni-ile-ba\u015flad\u0131.jpg\" \/>\n\t<meta property=\"og:image:width\" content=\"1800\" \/>\n\t<meta property=\"og:image:height\" content=\"1200\" \/>\n<meta name=\"twitter:card\" content=\"summary_large_image\" \/>\n<meta name=\"twitter:label1\" content=\"Written by\">\n\t<meta name=\"twitter:data1\" content=\"Fo-der\">\n\t<meta name=\"twitter:label2\" content=\"Est. reading time\">\n\t<meta name=\"twitter:data2\" content=\"1 minute\">\n<script type=\"application\/ld+json\" class=\"yoast-schema-graph\">{\"@context\":\"https:\/\/schema.org\",\"@graph\":[{\"@type\":\"WebSite\",\"@id\":\"https:\/\/www.fo-der.org\/en\/#website\",\"url\":\"https:\/\/www.fo-der.org\/en\/\",\"name\":\"FODER\",\"description\":\"Financial Literacy &amp; Inclusion Association\",\"potentialAction\":[{\"@type\":\"SearchAction\",\"target\":\"https:\/\/www.fo-der.org\/en\/?s={search_term_string}\",\"query-input\":\"required name=search_term_string\"}],\"inLanguage\":\"en-US\"},{\"@type\":\"ImageObject\",\"@id\":\"https:\/\/www.fo-der.org\/en\/global-money-week-started-with-borsa-istanbul-gong-ceremony\/#primaryimage\",\"inLanguage\":\"en-US\",\"url\":\"https:\/\/www.fo-der.org\/en\/wp-content\/uploads\/2017\/03\/K\\u00fcresel-Para-Haftas\\u0131-Borsa-\\u0130stanbul-Gong-T\\u00f6reni-ile-ba\\u015flad\\u0131.jpg\",\"width\":1800,\"height\":1200},{\"@type\":\"WebPage\",\"@id\":\"https:\/\/www.fo-der.org\/en\/global-money-week-started-with-borsa-istanbul-gong-ceremony\/#webpage\",\"url\":\"https:\/\/www.fo-der.org\/en\/global-money-week-started-with-borsa-istanbul-gong-ceremony\/\",\"name\":\"Global Money Week started with Borsa Istanbul Gong Ceremony - FODER\",\"isPartOf\":{\"@id\":\"https:\/\/www.fo-der.org\/en\/#website\"},\"primaryImageOfPage\":{\"@id\":\"https:\/\/www.fo-der.org\/en\/global-money-week-started-with-borsa-istanbul-gong-ceremony\/#primaryimage\"},\"datePublished\":\"2017-03-28T12:41:55+00:00\",\"dateModified\":\"2018-11-26T10:26:09+00:00\",\"author\":{\"@id\":\"https:\/\/www.fo-der.org\/en\/#\/schema\/person\/36c071f253b551b41a20bf5cd4992506\"},\"inLanguage\":\"en-US\",\"potentialAction\":[{\"@type\":\"ReadAction\",\"target\":[\"https:\/\/www.fo-der.org\/en\/global-money-week-started-with-borsa-istanbul-gong-ceremony\/\"]}]},{\"@type\":\"Person\",\"@id\":\"https:\/\/www.fo-der.org\/en\/#\/schema\/person\/36c071f253b551b41a20bf5cd4992506\",\"name\":\"Fo-der\"}]}<\/script>\n<!-- \/ Yoast SEO plugin. -->","_links":{"self":[{"href":"https:\/\/www.fo-der.org\/en\/wp-json\/wp\/v2\/posts\/4569"}],"collection":[{"href":"https:\/\/www.fo-der.org\/en\/wp-json\/wp\/v2\/posts"}],"about":[{"href":"https:\/\/www.fo-der.org\/en\/wp-json\/wp\/v2\/types\/post"}],"author":[{"embeddable":true,"href":"https:\/\/www.fo-der.org\/en\/wp-json\/wp\/v2\/users\/2"}],"replies":[{"embeddable":true,"href":"https:\/\/www.fo-der.org\/en\/wp-json\/wp\/v2\/comments?post=4569"}],"version-history":[{"count":5,"href":"https:\/\/www.fo-der.org\/en\/wp-json\/wp\/v2\/posts\/4569\/revisions"}],"predecessor-version":[{"id":7105,"href":"https:\/\/www.fo-der.org\/en\/wp-json\/wp\/v2\/posts\/4569\/revisions\/7105"}],"wp:featuredmedia":[{"embeddable":true,"href":"https:\/\/www.fo-der.org\/en\/wp-json\/wp\/v2\/media\/5615"}],"wp:attachment":[{"href":"https:\/\/www.fo-der.org\/en\/wp-json\/wp\/v2\/media?parent=4569"}],"wp:term":[{"taxonomy":"category","embeddable":true,"href":"https:\/\/www.fo-der.org\/en\/wp-json\/wp\/v2\/categories?post=4569"},{"taxonomy":"post_tag","embeddable":true,"href":"https:\/\/www.fo-der.org\/en\/wp-json\/wp\/v2\/tags?post=4569"}],"curies":[{"name":"wp","href":"https:\/\/api.w.org\/{rel}","templated":true}]}}