{"id":3737,"date":"2016-02-05T10:02:08","date_gmt":"2016-02-05T08:02:08","guid":{"rendered":"http:\/\/www.fo-der.org\/?p=3737"},"modified":"2018-11-26T13:38:12","modified_gmt":"2018-11-26T10:38:12","slug":"foder-volunteer-meeting-of-february-was-held","status":"publish","type":"post","link":"https:\/\/www.fo-der.org\/en\/foder-volunteer-meeting-of-february-was-held\/","title":{"rendered":"&#8220;FODER-Volunteer Meeting&#8221; of February was held"},"content":{"rendered":"<p>As the Financial Literacy and Inclusion Association, in <strong>FODER-Volunteer Meeting <\/strong>event that we held in the first week of each month, we met with our volunteers at Akmerkez YLZ on 3 February 2016.<br \/>\nAfter a pleasant conversation with our volunteers, a presentation on <strong>Financial Inclusion Statistics from the World <\/strong>was made.\u00a0<em>The subjects of what financial inclusion is, what the sources of financial access are, how the situation is in our region, what are the principles of financial inclusion<\/em> were addressed.<\/p>\n<p>&nbsp;<\/p>\n<p><strong>What is Financial Inclusion?<\/strong><br \/>\nIt is possible to define financial inclusion as the easy use and access to affordable, high quality to financial services.<br \/>\nThe World Bank&#8217;s Global Findex survey shows that financial inclusion has increased worldwide. However, apart from this increase, the inequalities still continues between men\/women, and high\/low incomes in terms of financial inclusion. According to the financial literacy index of TEB which is one of our corporate members, 80% of consumers are investigating before they purchase the goods, 70% of them are paying their bills on time, 48% of them are following their personal financial situation closely, 36% of them are setting long-term targets, 55% of them are planning the budget of their houses, 30% of them made investments last year.<\/p>\n<p>&nbsp;<\/p>\n<p><img loading=\"lazy\" class=\"aligncenter size-full wp-image-5751\" src=\"http:\/\/fo-der.org\/wp-content\/uploads\/2016\/02\/rr.png\" alt=\"\" width=\"430\" height=\"318\" srcset=\"https:\/\/www.fo-der.org\/en\/wp-content\/uploads\/2016\/02\/rr.png 430w, https:\/\/www.fo-der.org\/en\/wp-content\/uploads\/2016\/02\/rr-300x222.png 300w, https:\/\/www.fo-der.org\/en\/wp-content\/uploads\/2016\/02\/rr-197x146.png 197w, https:\/\/www.fo-der.org\/en\/wp-content\/uploads\/2016\/02\/rr-50x37.png 50w, https:\/\/www.fo-der.org\/en\/wp-content\/uploads\/2016\/02\/rr-101x75.png 101w\" sizes=\"(max-width: 430px) 100vw, 430px\" \/><\/p>\n<p>&nbsp;<\/p>\n<p>The meeting ended with an exchange of ideas and suggestions provided on what could be done more in order to become an advanced country in the field of \u200b\u200bfinancial literacy and financial inclusion.<\/p>\n<p>We would like to thank all the volunteers who participated and who could not participate but showed their interests <strong>even though <\/strong>they cannot be together with FODER. We wish to be together again in the next FODER &#8211; Volunteer Meeting event, with wider participation&#8230;<\/p>\n<p><a href=\"https:\/\/www.fo-der.org\/en\/wp-content\/uploads\/2016\/02\/FODER-Finansal-Eri%C5%9Fim-2016.pdf\"><strong>You can find the pdf file of the presentation from here<\/strong><\/a><strong>.<\/strong><\/p>\n","protected":false},"excerpt":{"rendered":"<p>As the Financial Literacy and Inclusion Association, in FODER-Volunteer Meeting event that we held in the first week of each month, we met with our volunteers<span class=\"excerpt-hellip\"> [\u2026]<\/span><\/p>\n","protected":false},"author":2,"featured_media":5750,"comment_status":"open","ping_status":"open","sticky":false,"template":"","format":"standard","meta":[],"categories":[492,178,116,2],"tags":[221,238,239,63,65,66],"yoast_head":"<!-- This site is optimized with the Yoast SEO plugin v15.2.1 - https:\/\/yoast.com\/wordpress\/plugins\/seo\/ -->\n<title>&quot;FODER-Volunteer Meeting&quot; of February was held - FODER<\/title>\n<meta name=\"robots\" content=\"index, follow, max-snippet:-1, max-image-preview:large, max-video-preview:-1\" \/>\n<link rel=\"canonical\" href=\"https:\/\/www.fo-der.org\/en\/foder-volunteer-meeting-of-february-was-held\/\" \/>\n<meta property=\"og:locale\" content=\"en_US\" \/>\n<meta property=\"og:type\" content=\"article\" \/>\n<meta property=\"og:title\" content=\"&quot;FODER-Volunteer Meeting&quot; of February was held - FODER\" \/>\n<meta property=\"og:description\" content=\"As the Financial Literacy and Inclusion Association, in FODER-Volunteer Meeting event that we held in the first week of each month, we met with our volunteers [\u2026]\" \/>\n<meta property=\"og:url\" content=\"https:\/\/www.fo-der.org\/en\/foder-volunteer-meeting-of-february-was-held\/\" \/>\n<meta property=\"og:site_name\" content=\"FODER\" \/>\n<meta property=\"article:published_time\" content=\"2016-02-05T08:02:08+00:00\" \/>\n<meta property=\"article:modified_time\" content=\"2018-11-26T10:38:12+00:00\" \/>\n<meta property=\"og:image\" content=\"https:\/\/www.fo-der.org\/en\/wp-content\/uploads\/2016\/02\/FODER-\u2013-G\u00d6N\u00dcLL\u00dc-BULU\u015eMASI-2.jpg\" \/>\n\t<meta property=\"og:image:width\" content=\"1800\" \/>\n\t<meta property=\"og:image:height\" content=\"1200\" \/>\n<meta name=\"twitter:card\" content=\"summary_large_image\" \/>\n<meta name=\"twitter:label1\" content=\"Written by\">\n\t<meta name=\"twitter:data1\" content=\"Fo-der\">\n\t<meta name=\"twitter:label2\" content=\"Est. reading time\">\n\t<meta name=\"twitter:data2\" content=\"1 minute\">\n<script type=\"application\/ld+json\" class=\"yoast-schema-graph\">{\"@context\":\"https:\/\/schema.org\",\"@graph\":[{\"@type\":\"WebSite\",\"@id\":\"https:\/\/www.fo-der.org\/en\/#website\",\"url\":\"https:\/\/www.fo-der.org\/en\/\",\"name\":\"FODER\",\"description\":\"Financial Literacy &amp; Inclusion Association\",\"potentialAction\":[{\"@type\":\"SearchAction\",\"target\":\"https:\/\/www.fo-der.org\/en\/?s={search_term_string}\",\"query-input\":\"required name=search_term_string\"}],\"inLanguage\":\"en-US\"},{\"@type\":\"ImageObject\",\"@id\":\"https:\/\/www.fo-der.org\/en\/foder-volunteer-meeting-of-february-was-held\/#primaryimage\",\"inLanguage\":\"en-US\",\"url\":\"https:\/\/www.fo-der.org\/en\/wp-content\/uploads\/2016\/02\/FODER-\\u2013-G\\u00d6N\\u00dcLL\\u00dc-BULU\\u015eMASI-2.jpg\",\"width\":1800,\"height\":1200},{\"@type\":\"WebPage\",\"@id\":\"https:\/\/www.fo-der.org\/en\/foder-volunteer-meeting-of-february-was-held\/#webpage\",\"url\":\"https:\/\/www.fo-der.org\/en\/foder-volunteer-meeting-of-february-was-held\/\",\"name\":\"\\\"FODER-Volunteer Meeting\\\" of February was held - FODER\",\"isPartOf\":{\"@id\":\"https:\/\/www.fo-der.org\/en\/#website\"},\"primaryImageOfPage\":{\"@id\":\"https:\/\/www.fo-der.org\/en\/foder-volunteer-meeting-of-february-was-held\/#primaryimage\"},\"datePublished\":\"2016-02-05T08:02:08+00:00\",\"dateModified\":\"2018-11-26T10:38:12+00:00\",\"author\":{\"@id\":\"https:\/\/www.fo-der.org\/en\/#\/schema\/person\/36c071f253b551b41a20bf5cd4992506\"},\"inLanguage\":\"en-US\",\"potentialAction\":[{\"@type\":\"ReadAction\",\"target\":[\"https:\/\/www.fo-der.org\/en\/foder-volunteer-meeting-of-february-was-held\/\"]}]},{\"@type\":\"Person\",\"@id\":\"https:\/\/www.fo-der.org\/en\/#\/schema\/person\/36c071f253b551b41a20bf5cd4992506\",\"name\":\"Fo-der\"}]}<\/script>\n<!-- \/ Yoast SEO plugin. -->","_links":{"self":[{"href":"https:\/\/www.fo-der.org\/en\/wp-json\/wp\/v2\/posts\/3737"}],"collection":[{"href":"https:\/\/www.fo-der.org\/en\/wp-json\/wp\/v2\/posts"}],"about":[{"href":"https:\/\/www.fo-der.org\/en\/wp-json\/wp\/v2\/types\/post"}],"author":[{"embeddable":true,"href":"https:\/\/www.fo-der.org\/en\/wp-json\/wp\/v2\/users\/2"}],"replies":[{"embeddable":true,"href":"https:\/\/www.fo-der.org\/en\/wp-json\/wp\/v2\/comments?post=3737"}],"version-history":[{"count":3,"href":"https:\/\/www.fo-der.org\/en\/wp-json\/wp\/v2\/posts\/3737\/revisions"}],"predecessor-version":[{"id":7111,"href":"https:\/\/www.fo-der.org\/en\/wp-json\/wp\/v2\/posts\/3737\/revisions\/7111"}],"wp:featuredmedia":[{"embeddable":true,"href":"https:\/\/www.fo-der.org\/en\/wp-json\/wp\/v2\/media\/5750"}],"wp:attachment":[{"href":"https:\/\/www.fo-der.org\/en\/wp-json\/wp\/v2\/media?parent=3737"}],"wp:term":[{"taxonomy":"category","embeddable":true,"href":"https:\/\/www.fo-der.org\/en\/wp-json\/wp\/v2\/categories?post=3737"},{"taxonomy":"post_tag","embeddable":true,"href":"https:\/\/www.fo-der.org\/en\/wp-json\/wp\/v2\/tags?post=3737"}],"curies":[{"name":"wp","href":"https:\/\/api.w.org\/{rel}","templated":true}]}}