{"id":3693,"date":"2016-02-02T16:52:42","date_gmt":"2016-02-02T14:52:42","guid":{"rendered":"http:\/\/www.fo-der.org\/?p=3693"},"modified":"2018-11-26T13:21:25","modified_gmt":"2018-11-26T10:21:25","slug":"we-are-preparing-us-for-global-money-week-activities","status":"publish","type":"post","link":"https:\/\/www.fo-der.org\/en\/we-are-preparing-us-for-global-money-week-activities\/","title":{"rendered":"We are Preparing Us for Global Money Week Activities!"},"content":{"rendered":"<p>As the Financial Literacy and Inclusion Association, within the scope <strong>&#8220;Global Money Week&#8221;<\/strong> which is celebrated in the second week of March every year as a tradition, which was initiated 5 years ago by<strong> Child &amp; Youth Finance International<\/strong>, we continue our preparations for trainings in order to raise awareness of children and young people on financial literacy.<\/p>\n<p>Last year, we were able to reach 25,000 people between the ages of 9 -14 in Turkey, via more than 200 volunteer trainers of us.<\/p>\n<p>This year, for<strong> \u201cGlobal Money Week&#8221;<\/strong> activities that will take place between <strong>14 -20 March 2016<\/strong>, our aim is to reach young people and children together with our volunteer trainers who provided support to us in that regard, in order to ensure that these people to become financially conscious, responsible and self-confident individuals.<\/p>\n<p>You can also join us as volunteer in these activities by contacting us<strong> <a href=\"https:\/\/www.fo-der.org\/en\/contact-us\/\">from here<\/a><\/strong> and share this excitement with <strong>FODER <\/strong>together. Be sure to note the dates between 14 and 20 March at your calendar.<\/p>\n","protected":false},"excerpt":{"rendered":"<p>As the Financial Literacy and Inclusion Association, within the scope &#8220;Global Money Week&#8221; which is celebrated in the second week of March every year as a<span class=\"excerpt-hellip\"> [\u2026]<\/span><\/p>\n","protected":false},"author":2,"featured_media":5602,"comment_status":"open","ping_status":"open","sticky":false,"template":"","format":"standard","meta":[],"categories":[473,2],"tags":[124,126,231,66],"yoast_head":"<!-- This site is optimized with the Yoast SEO plugin v15.2.1 - https:\/\/yoast.com\/wordpress\/plugins\/seo\/ -->\n<title>We are Preparing Us for Global Money Week Activities! - FODER<\/title>\n<meta name=\"robots\" content=\"index, follow, max-snippet:-1, max-image-preview:large, max-video-preview:-1\" \/>\n<link rel=\"canonical\" href=\"https:\/\/www.fo-der.org\/en\/we-are-preparing-us-for-global-money-week-activities\/\" \/>\n<meta property=\"og:locale\" content=\"en_US\" \/>\n<meta property=\"og:type\" content=\"article\" \/>\n<meta property=\"og:title\" content=\"We are Preparing Us for Global Money Week Activities! - FODER\" \/>\n<meta property=\"og:description\" content=\"As the Financial Literacy and Inclusion Association, within the scope &#8220;Global Money Week&#8221; which is celebrated in the second week of March every year as a [\u2026]\" \/>\n<meta property=\"og:url\" content=\"https:\/\/www.fo-der.org\/en\/we-are-preparing-us-for-global-money-week-activities\/\" \/>\n<meta property=\"og:site_name\" content=\"FODER\" \/>\n<meta property=\"article:published_time\" content=\"2016-02-02T14:52:42+00:00\" \/>\n<meta property=\"article:modified_time\" content=\"2018-11-26T10:21:25+00:00\" \/>\n<meta property=\"og:image\" content=\"https:\/\/www.fo-der.org\/en\/wp-content\/uploads\/2016\/02\/K\u00fcresel-Para-Haftas\u0131-Etkinliklerine-Haz\u0131rlan\u0131yoruz.jpg\" \/>\n\t<meta property=\"og:image:width\" content=\"1800\" \/>\n\t<meta property=\"og:image:height\" content=\"1200\" \/>\n<meta name=\"twitter:card\" content=\"summary_large_image\" \/>\n<meta name=\"twitter:label1\" content=\"Written by\">\n\t<meta name=\"twitter:data1\" content=\"Fo-der\">\n\t<meta name=\"twitter:label2\" content=\"Est. reading time\">\n\t<meta name=\"twitter:data2\" content=\"1 minute\">\n<script type=\"application\/ld+json\" class=\"yoast-schema-graph\">{\"@context\":\"https:\/\/schema.org\",\"@graph\":[{\"@type\":\"WebSite\",\"@id\":\"https:\/\/www.fo-der.org\/en\/#website\",\"url\":\"https:\/\/www.fo-der.org\/en\/\",\"name\":\"FODER\",\"description\":\"Financial Literacy &amp; Inclusion Association\",\"potentialAction\":[{\"@type\":\"SearchAction\",\"target\":\"https:\/\/www.fo-der.org\/en\/?s={search_term_string}\",\"query-input\":\"required name=search_term_string\"}],\"inLanguage\":\"en-US\"},{\"@type\":\"ImageObject\",\"@id\":\"https:\/\/www.fo-der.org\/en\/we-are-preparing-us-for-global-money-week-activities\/#primaryimage\",\"inLanguage\":\"en-US\",\"url\":\"https:\/\/www.fo-der.org\/en\/wp-content\/uploads\/2016\/02\/K\\u00fcresel-Para-Haftas\\u0131-Etkinliklerine-Haz\\u0131rlan\\u0131yoruz.jpg\",\"width\":1800,\"height\":1200},{\"@type\":\"WebPage\",\"@id\":\"https:\/\/www.fo-der.org\/en\/we-are-preparing-us-for-global-money-week-activities\/#webpage\",\"url\":\"https:\/\/www.fo-der.org\/en\/we-are-preparing-us-for-global-money-week-activities\/\",\"name\":\"We are Preparing Us for Global Money Week Activities! - FODER\",\"isPartOf\":{\"@id\":\"https:\/\/www.fo-der.org\/en\/#website\"},\"primaryImageOfPage\":{\"@id\":\"https:\/\/www.fo-der.org\/en\/we-are-preparing-us-for-global-money-week-activities\/#primaryimage\"},\"datePublished\":\"2016-02-02T14:52:42+00:00\",\"dateModified\":\"2018-11-26T10:21:25+00:00\",\"author\":{\"@id\":\"https:\/\/www.fo-der.org\/en\/#\/schema\/person\/36c071f253b551b41a20bf5cd4992506\"},\"inLanguage\":\"en-US\",\"potentialAction\":[{\"@type\":\"ReadAction\",\"target\":[\"https:\/\/www.fo-der.org\/en\/we-are-preparing-us-for-global-money-week-activities\/\"]}]},{\"@type\":\"Person\",\"@id\":\"https:\/\/www.fo-der.org\/en\/#\/schema\/person\/36c071f253b551b41a20bf5cd4992506\",\"name\":\"Fo-der\"}]}<\/script>\n<!-- \/ Yoast SEO plugin. -->","_links":{"self":[{"href":"https:\/\/www.fo-der.org\/en\/wp-json\/wp\/v2\/posts\/3693"}],"collection":[{"href":"https:\/\/www.fo-der.org\/en\/wp-json\/wp\/v2\/posts"}],"about":[{"href":"https:\/\/www.fo-der.org\/en\/wp-json\/wp\/v2\/types\/post"}],"author":[{"embeddable":true,"href":"https:\/\/www.fo-der.org\/en\/wp-json\/wp\/v2\/users\/2"}],"replies":[{"embeddable":true,"href":"https:\/\/www.fo-der.org\/en\/wp-json\/wp\/v2\/comments?post=3693"}],"version-history":[{"count":4,"href":"https:\/\/www.fo-der.org\/en\/wp-json\/wp\/v2\/posts\/3693\/revisions"}],"predecessor-version":[{"id":7099,"href":"https:\/\/www.fo-der.org\/en\/wp-json\/wp\/v2\/posts\/3693\/revisions\/7099"}],"wp:featuredmedia":[{"embeddable":true,"href":"https:\/\/www.fo-der.org\/en\/wp-json\/wp\/v2\/media\/5602"}],"wp:attachment":[{"href":"https:\/\/www.fo-der.org\/en\/wp-json\/wp\/v2\/media?parent=3693"}],"wp:term":[{"taxonomy":"category","embeddable":true,"href":"https:\/\/www.fo-der.org\/en\/wp-json\/wp\/v2\/categories?post=3693"},{"taxonomy":"post_tag","embeddable":true,"href":"https:\/\/www.fo-der.org\/en\/wp-json\/wp\/v2\/tags?post=3693"}],"curies":[{"name":"wp","href":"https:\/\/api.w.org\/{rel}","templated":true}]}}