{"id":3558,"date":"2015-12-21T14:03:02","date_gmt":"2015-12-21T12:03:02","guid":{"rendered":"http:\/\/www.fo-der.org\/?p=3558"},"modified":"2018-11-25T18:53:35","modified_gmt":"2018-11-25T15:53:35","slug":"foder-askerlere-yonelik-bireysel-butce-yonetimi-finansal-okuryazarlik-egitimi-gerceklestirildi","status":"publish","type":"post","link":"https:\/\/www.fo-der.org\/en\/foder-askerlere-yonelik-bireysel-butce-yonetimi-finansal-okuryazarlik-egitimi-gerceklestirildi\/","title":{"rendered":"FODER Individual Budget Management Financial Literacy Training for Soldiers was held"},"content":{"rendered":"<p>Financial Literacy and Inclusion Association has continued to provide \u201cIndividual Budget Management&#8221; financial literacy trainings for members of Turkish Land Forces Command.<br \/>\nThe financial literacy trainings on &#8220;Individual Budget Management&#8221;, which was requested from FODER, were conducted for soldiers of Turkish Land Forces Command at four different locations in Ankara, Tuzla Infantry School, Isparta and E\u011firdir.<br \/>\nOn 17 December 2015, in Ankara at Turkish Land Forces Training and Doctrine Command, with the participation of FODER Secretary General Yasemin Demirda\u011f, by FODER Vice-Chair Attila K\u00f6ksal, financial literacy trainings on how a budget management will be ensured were provided to the soldiers of army of observation.<br \/>\nWith our studies conducted as an association on financial literacy and inclusion, we aim to support the creation of the ecosystem in order to raise financial awareness and to increase the rates of savings in our country.<\/p>\n","protected":false},"excerpt":{"rendered":"<p>Financial Literacy and Inclusion Association has continued to provide \u201cIndividual Budget Management&#8221; financial literacy trainings for members of Turkish Land Forces Command. The financial literacy trainings<span class=\"excerpt-hellip\"> [\u2026]<\/span><\/p>\n","protected":false},"author":2,"featured_media":5684,"comment_status":"open","ping_status":"open","sticky":false,"template":"","format":"standard","meta":[],"categories":[481,39,116,2,13],"tags":[482,169,224,66],"yoast_head":"<!-- This site is optimized with the Yoast SEO plugin v15.2.1 - https:\/\/yoast.com\/wordpress\/plugins\/seo\/ -->\n<title>FODER Individual Budget Management Financial Literacy Training for Soldiers was held - FODER<\/title>\n<meta name=\"robots\" content=\"index, follow, max-snippet:-1, max-image-preview:large, max-video-preview:-1\" \/>\n<link rel=\"canonical\" href=\"https:\/\/www.fo-der.org\/en\/foder-askerlere-yonelik-bireysel-butce-yonetimi-finansal-okuryazarlik-egitimi-gerceklestirildi\/\" \/>\n<meta property=\"og:locale\" content=\"en_US\" \/>\n<meta property=\"og:type\" content=\"article\" \/>\n<meta property=\"og:title\" content=\"FODER Individual Budget Management Financial Literacy Training for Soldiers was held - FODER\" \/>\n<meta property=\"og:description\" content=\"Financial Literacy and Inclusion Association has continued to provide \u201cIndividual Budget Management&#8221; financial literacy trainings for members of Turkish Land Forces Command. The financial literacy trainings [\u2026]\" \/>\n<meta property=\"og:url\" content=\"https:\/\/www.fo-der.org\/en\/foder-askerlere-yonelik-bireysel-butce-yonetimi-finansal-okuryazarlik-egitimi-gerceklestirildi\/\" \/>\n<meta property=\"og:site_name\" content=\"FODER\" \/>\n<meta property=\"article:published_time\" content=\"2015-12-21T12:03:02+00:00\" \/>\n<meta property=\"article:modified_time\" content=\"2018-11-25T15:53:35+00:00\" \/>\n<meta property=\"og:image\" content=\"https:\/\/www.fo-der.org\/en\/wp-content\/uploads\/2015\/12\/FODER-ASKERLERE-Y\u00d6NEL\u0130K-B\u0130REYSEL-B\u00dcT\u00c7E-Y\u00d6NET\u0130M\u0130.jpg\" \/>\n\t<meta property=\"og:image:width\" content=\"1800\" \/>\n\t<meta property=\"og:image:height\" content=\"1200\" \/>\n<meta name=\"twitter:card\" content=\"summary_large_image\" \/>\n<meta name=\"twitter:label1\" content=\"Written by\">\n\t<meta name=\"twitter:data1\" content=\"Fo-der\">\n\t<meta name=\"twitter:label2\" content=\"Est. reading time\">\n\t<meta name=\"twitter:data2\" content=\"1 minute\">\n<script type=\"application\/ld+json\" class=\"yoast-schema-graph\">{\"@context\":\"https:\/\/schema.org\",\"@graph\":[{\"@type\":\"WebSite\",\"@id\":\"https:\/\/www.fo-der.org\/en\/#website\",\"url\":\"https:\/\/www.fo-der.org\/en\/\",\"name\":\"FODER\",\"description\":\"Financial Literacy &amp; Inclusion Association\",\"potentialAction\":[{\"@type\":\"SearchAction\",\"target\":\"https:\/\/www.fo-der.org\/en\/?s={search_term_string}\",\"query-input\":\"required name=search_term_string\"}],\"inLanguage\":\"en-US\"},{\"@type\":\"ImageObject\",\"@id\":\"https:\/\/www.fo-der.org\/en\/foder-askerlere-yonelik-bireysel-butce-yonetimi-finansal-okuryazarlik-egitimi-gerceklestirildi\/#primaryimage\",\"inLanguage\":\"en-US\",\"url\":\"https:\/\/www.fo-der.org\/en\/wp-content\/uploads\/2015\/12\/FODER-ASKERLERE-Y\\u00d6NEL\\u0130K-B\\u0130REYSEL-B\\u00dcT\\u00c7E-Y\\u00d6NET\\u0130M\\u0130.jpg\",\"width\":1800,\"height\":1200},{\"@type\":\"WebPage\",\"@id\":\"https:\/\/www.fo-der.org\/en\/foder-askerlere-yonelik-bireysel-butce-yonetimi-finansal-okuryazarlik-egitimi-gerceklestirildi\/#webpage\",\"url\":\"https:\/\/www.fo-der.org\/en\/foder-askerlere-yonelik-bireysel-butce-yonetimi-finansal-okuryazarlik-egitimi-gerceklestirildi\/\",\"name\":\"FODER Individual Budget Management Financial Literacy Training for Soldiers was held - FODER\",\"isPartOf\":{\"@id\":\"https:\/\/www.fo-der.org\/en\/#website\"},\"primaryImageOfPage\":{\"@id\":\"https:\/\/www.fo-der.org\/en\/foder-askerlere-yonelik-bireysel-butce-yonetimi-finansal-okuryazarlik-egitimi-gerceklestirildi\/#primaryimage\"},\"datePublished\":\"2015-12-21T12:03:02+00:00\",\"dateModified\":\"2018-11-25T15:53:35+00:00\",\"author\":{\"@id\":\"https:\/\/www.fo-der.org\/en\/#\/schema\/person\/36c071f253b551b41a20bf5cd4992506\"},\"inLanguage\":\"en-US\",\"potentialAction\":[{\"@type\":\"ReadAction\",\"target\":[\"https:\/\/www.fo-der.org\/en\/foder-askerlere-yonelik-bireysel-butce-yonetimi-finansal-okuryazarlik-egitimi-gerceklestirildi\/\"]}]},{\"@type\":\"Person\",\"@id\":\"https:\/\/www.fo-der.org\/en\/#\/schema\/person\/36c071f253b551b41a20bf5cd4992506\",\"name\":\"Fo-der\"}]}<\/script>\n<!-- \/ Yoast SEO plugin. -->","_links":{"self":[{"href":"https:\/\/www.fo-der.org\/en\/wp-json\/wp\/v2\/posts\/3558"}],"collection":[{"href":"https:\/\/www.fo-der.org\/en\/wp-json\/wp\/v2\/posts"}],"about":[{"href":"https:\/\/www.fo-der.org\/en\/wp-json\/wp\/v2\/types\/post"}],"author":[{"embeddable":true,"href":"https:\/\/www.fo-der.org\/en\/wp-json\/wp\/v2\/users\/2"}],"replies":[{"embeddable":true,"href":"https:\/\/www.fo-der.org\/en\/wp-json\/wp\/v2\/comments?post=3558"}],"version-history":[{"count":3,"href":"https:\/\/www.fo-der.org\/en\/wp-json\/wp\/v2\/posts\/3558\/revisions"}],"predecessor-version":[{"id":7069,"href":"https:\/\/www.fo-der.org\/en\/wp-json\/wp\/v2\/posts\/3558\/revisions\/7069"}],"wp:featuredmedia":[{"embeddable":true,"href":"https:\/\/www.fo-der.org\/en\/wp-json\/wp\/v2\/media\/5684"}],"wp:attachment":[{"href":"https:\/\/www.fo-der.org\/en\/wp-json\/wp\/v2\/media?parent=3558"}],"wp:term":[{"taxonomy":"category","embeddable":true,"href":"https:\/\/www.fo-der.org\/en\/wp-json\/wp\/v2\/categories?post=3558"},{"taxonomy":"post_tag","embeddable":true,"href":"https:\/\/www.fo-der.org\/en\/wp-json\/wp\/v2\/tags?post=3558"}],"curies":[{"name":"wp","href":"https:\/\/api.w.org\/{rel}","templated":true}]}}