{"id":2277,"date":"2018-05-15T09:29:42","date_gmt":"2018-05-15T06:29:42","guid":{"rendered":"http:\/\/themes.muffingroup.com\/betheme\/?p=2277"},"modified":"2018-11-26T14:13:23","modified_gmt":"2018-11-26T11:13:23","slug":"3rd-financial-literacy-and-inclusion-conference","status":"publish","type":"post","link":"https:\/\/www.fo-der.org\/en\/3rd-financial-literacy-and-inclusion-conference\/","title":{"rendered":"3rd Financial Literacy and Inclusion Conference"},"content":{"rendered":"<p><!--more--><\/p>\n","protected":false},"excerpt":{"rendered":"<p>3. Finansal Okuryazarl\u0131k ve Eri\u015fim Konferans\u0131\u00a0TEB ve FODER i\u015f birli\u011finde hayata ge\u00e7irildi ve finansal bilin\u00e7lenmenin bireysel emeklilik sistemine katk\u0131lar\u0131 konu\u015fuldu. Konferansa kat\u0131lan \u0130ngiltere\u2019nin eski \u00c7al\u0131\u015fma ve Emeklilik Bakan\u0131 Barones Dr. Ros Altmann \u0130ngiltere \u00f6rne\u011finde finansal okuryazarl\u0131k seviyesini art\u0131rman\u0131n bireysel emeklilik sistemine olumlu kat\u0131l\u0131m\u0131 etkiledi\u011fini aktard\u0131.<\/p>\n","protected":false},"author":2,"featured_media":2425,"comment_status":"open","ping_status":"open","sticky":false,"template":"","format":"standard","meta":[],"categories":[439,2],"tags":[469],"yoast_head":"<!-- This site is optimized with the Yoast SEO plugin v15.2.1 - https:\/\/yoast.com\/wordpress\/plugins\/seo\/ -->\n<title>3rd Financial Literacy and Inclusion Conference - FODER<\/title>\n<meta name=\"robots\" content=\"index, follow, max-snippet:-1, max-image-preview:large, max-video-preview:-1\" \/>\n<link rel=\"canonical\" href=\"https:\/\/www.fo-der.org\/en\/3rd-financial-literacy-and-inclusion-conference\/\" \/>\n<meta property=\"og:locale\" content=\"en_US\" \/>\n<meta property=\"og:type\" content=\"article\" \/>\n<meta property=\"og:title\" content=\"3rd Financial Literacy and Inclusion Conference - FODER\" \/>\n<meta property=\"og:description\" content=\"3. Finansal Okuryazarl\u0131k ve Eri\u015fim Konferans\u0131\u00a0TEB ve FODER i\u015f birli\u011finde hayata ge\u00e7irildi ve finansal bilin\u00e7lenmenin bireysel emeklilik sistemine katk\u0131lar\u0131 konu\u015fuldu. Konferansa kat\u0131lan \u0130ngiltere\u2019nin eski \u00c7al\u0131\u015fma ve Emeklilik Bakan\u0131 Barones Dr. Ros Altmann \u0130ngiltere \u00f6rne\u011finde finansal okuryazarl\u0131k seviyesini art\u0131rman\u0131n bireysel emeklilik sistemine olumlu kat\u0131l\u0131m\u0131 etkiledi\u011fini aktard\u0131.\" \/>\n<meta property=\"og:url\" content=\"https:\/\/www.fo-der.org\/en\/3rd-financial-literacy-and-inclusion-conference\/\" \/>\n<meta property=\"og:site_name\" content=\"FODER\" \/>\n<meta property=\"article:published_time\" content=\"2018-05-15T06:29:42+00:00\" \/>\n<meta property=\"article:modified_time\" content=\"2018-11-26T11:13:23+00:00\" \/>\n<meta property=\"og:image\" content=\"https:\/\/www.fo-der.org\/en\/wp-content\/uploads\/2014\/05\/PLS_0273.jpg\" \/>\n\t<meta property=\"og:image:width\" content=\"1798\" \/>\n\t<meta property=\"og:image:height\" content=\"1200\" \/>\n<meta name=\"twitter:card\" content=\"summary_large_image\" \/>\n<meta name=\"twitter:label1\" content=\"Written by\">\n\t<meta name=\"twitter:data1\" content=\"Fo-der\">\n\t<meta name=\"twitter:label2\" content=\"Est. reading time\">\n\t<meta name=\"twitter:data2\" content=\"0 minutes\">\n<script type=\"application\/ld+json\" class=\"yoast-schema-graph\">{\"@context\":\"https:\/\/schema.org\",\"@graph\":[{\"@type\":\"WebSite\",\"@id\":\"https:\/\/www.fo-der.org\/en\/#website\",\"url\":\"https:\/\/www.fo-der.org\/en\/\",\"name\":\"FODER\",\"description\":\"Financial Literacy &amp; Inclusion Association\",\"potentialAction\":[{\"@type\":\"SearchAction\",\"target\":\"https:\/\/www.fo-der.org\/en\/?s={search_term_string}\",\"query-input\":\"required name=search_term_string\"}],\"inLanguage\":\"en-US\"},{\"@type\":\"ImageObject\",\"@id\":\"https:\/\/www.fo-der.org\/en\/3rd-financial-literacy-and-inclusion-conference\/#primaryimage\",\"inLanguage\":\"en-US\",\"url\":\"https:\/\/www.fo-der.org\/en\/wp-content\/uploads\/2014\/05\/PLS_0273.jpg\",\"width\":1798,\"height\":1200},{\"@type\":\"WebPage\",\"@id\":\"https:\/\/www.fo-der.org\/en\/3rd-financial-literacy-and-inclusion-conference\/#webpage\",\"url\":\"https:\/\/www.fo-der.org\/en\/3rd-financial-literacy-and-inclusion-conference\/\",\"name\":\"3rd Financial Literacy and Inclusion Conference - FODER\",\"isPartOf\":{\"@id\":\"https:\/\/www.fo-der.org\/en\/#website\"},\"primaryImageOfPage\":{\"@id\":\"https:\/\/www.fo-der.org\/en\/3rd-financial-literacy-and-inclusion-conference\/#primaryimage\"},\"datePublished\":\"2018-05-15T06:29:42+00:00\",\"dateModified\":\"2018-11-26T11:13:23+00:00\",\"author\":{\"@id\":\"https:\/\/www.fo-der.org\/en\/#\/schema\/person\/36c071f253b551b41a20bf5cd4992506\"},\"inLanguage\":\"en-US\",\"potentialAction\":[{\"@type\":\"ReadAction\",\"target\":[\"https:\/\/www.fo-der.org\/en\/3rd-financial-literacy-and-inclusion-conference\/\"]}]},{\"@type\":\"Person\",\"@id\":\"https:\/\/www.fo-der.org\/en\/#\/schema\/person\/36c071f253b551b41a20bf5cd4992506\",\"name\":\"Fo-der\"}]}<\/script>\n<!-- \/ Yoast SEO plugin. -->","_links":{"self":[{"href":"https:\/\/www.fo-der.org\/en\/wp-json\/wp\/v2\/posts\/2277"}],"collection":[{"href":"https:\/\/www.fo-der.org\/en\/wp-json\/wp\/v2\/posts"}],"about":[{"href":"https:\/\/www.fo-der.org\/en\/wp-json\/wp\/v2\/types\/post"}],"author":[{"embeddable":true,"href":"https:\/\/www.fo-der.org\/en\/wp-json\/wp\/v2\/users\/2"}],"replies":[{"embeddable":true,"href":"https:\/\/www.fo-der.org\/en\/wp-json\/wp\/v2\/comments?post=2277"}],"version-history":[{"count":7,"href":"https:\/\/www.fo-der.org\/en\/wp-json\/wp\/v2\/posts\/2277\/revisions"}],"predecessor-version":[{"id":7126,"href":"https:\/\/www.fo-der.org\/en\/wp-json\/wp\/v2\/posts\/2277\/revisions\/7126"}],"wp:featuredmedia":[{"embeddable":true,"href":"https:\/\/www.fo-der.org\/en\/wp-json\/wp\/v2\/media\/2425"}],"wp:attachment":[{"href":"https:\/\/www.fo-der.org\/en\/wp-json\/wp\/v2\/media?parent=2277"}],"wp:term":[{"taxonomy":"category","embeddable":true,"href":"https:\/\/www.fo-der.org\/en\/wp-json\/wp\/v2\/categories?post=2277"},{"taxonomy":"post_tag","embeddable":true,"href":"https:\/\/www.fo-der.org\/en\/wp-json\/wp\/v2\/tags?post=2277"}],"curies":[{"name":"wp","href":"https:\/\/api.w.org\/{rel}","templated":true}]}}